{"id":1806,"date":"2021-07-27T10:20:46","date_gmt":"2021-07-27T08:20:46","guid":{"rendered":"https:\/\/www.mbt-concept.rs\/?p=1806"},"modified":"2021-12-01T16:12:28","modified_gmt":"2021-12-01T15:12:28","slug":"azerbaijan-serbia-business-forum-in-baku","status":"publish","type":"post","link":"https:\/\/www.mbt-concept.rs\/sr\/azerbaijan-serbia-business-forum-in-baku\/","title":{"rendered":"Azerbejd\u017ean \u2013 Serbia Business Forum u Bakuu"},"content":{"rendered":"<p>MBT je imao \u010dast da se zajedno sa svojim partnerskim firmama M Enterijer Gradnjom i Orookom predstavi na biznis forumu u Bakuu. Imali smo prilike da se sastanemo sa predstavnicima najve\u0107ih azerbed\u017eanskih kompanija kao i sa visokim dr\u017eavnim funkcionerima. Izra\u017eena je obostarana \u017eelja za saradnjom i o\u010dekujemo da \u0107emo uskoro imati prilike da pro\u0161irimo poslovanje i na tr\u017ei\u0161te Azerbejd\u017eana.<\/p>\n<p><img loading=\"lazy\" decoding=\"async\" class=\"wp-image-1810 aligncenter\" src=\"http:\/\/www.mbt-concept.rs\/wp-content\/uploads\/2021\/12\/Baku-2-225x300.jpg\" alt=\"Baku Business Forum 2\" width=\"404\" height=\"539\" srcset=\"https:\/\/www.mbt-concept.rs\/wp-content\/uploads\/2021\/12\/Baku-2-225x300.jpg 225w, https:\/\/www.mbt-concept.rs\/wp-content\/uploads\/2021\/12\/Baku-2-767x1024.jpg 767w, https:\/\/www.mbt-concept.rs\/wp-content\/uploads\/2021\/12\/Baku-2-768x1025.jpg 768w, https:\/\/www.mbt-concept.rs\/wp-content\/uploads\/2021\/12\/Baku-2.jpg 840w\" sizes=\"auto, (max-width: 404px) 100vw, 404px\" \/> <img loading=\"lazy\" decoding=\"async\" class=\"wp-image-1811 aligncenter\" src=\"http:\/\/www.mbt-concept.rs\/wp-content\/uploads\/2021\/12\/Baku-3-225x300.jpg\" alt=\"Baku Business Forum 2\" width=\"403\" height=\"537\" srcset=\"https:\/\/www.mbt-concept.rs\/wp-content\/uploads\/2021\/12\/Baku-3-225x300.jpg 225w, https:\/\/www.mbt-concept.rs\/wp-content\/uploads\/2021\/12\/Baku-3-767x1024.jpg 767w, https:\/\/www.mbt-concept.rs\/wp-content\/uploads\/2021\/12\/Baku-3-768x1025.jpg 768w, https:\/\/www.mbt-concept.rs\/wp-content\/uploads\/2021\/12\/Baku-3.jpg 840w\" sizes=\"auto, (max-width: 403px) 100vw, 403px\" \/><\/p>\n<p>&nbsp;<\/p>\n<p style=\"text-align: right;\"><a href=\"https:\/\/www.mbt-concept.rs\/mbt_news\/\"><em>ostale MBT vesti &gt;&gt;<\/em><\/a><\/p>\n<p>&nbsp;<\/p>","protected":false},"excerpt":{"rendered":"<p>MBT je imao \u010dast da se zajedno sa svojim partnerskim firmama M Enterijer Gradnjom i Orookom predstavi na biznis forumu u Bakuu. Imali smo prilike da se sastanemo sa predstavnicima najve\u0107ih azerbed\u017eanskih kompanija kao i sa visokim dr\u017eavnim funkcionerima. Izra\u017eena je obostarana \u017eelja za saradnjom&hellip;<\/p>\n","protected":false},"author":2,"featured_media":1812,"comment_status":"closed","ping_status":"open","sticky":false,"template":"","format":"standard","meta":{"ngg_post_thumbnail":0,"footnotes":""},"categories":[53],"tags":[],"class_list":["post-1806","post","type-post","status-publish","format-standard","has-post-thumbnail","hentry","category-news"],"acf":[],"_links":{"self":[{"href":"https:\/\/www.mbt-concept.rs\/sr\/wp-json\/wp\/v2\/posts\/1806","targetHints":{"allow":["GET"]}}],"collection":[{"href":"https:\/\/www.mbt-concept.rs\/sr\/wp-json\/wp\/v2\/posts"}],"about":[{"href":"https:\/\/www.mbt-concept.rs\/sr\/wp-json\/wp\/v2\/types\/post"}],"author":[{"embeddable":true,"href":"https:\/\/www.mbt-concept.rs\/sr\/wp-json\/wp\/v2\/users\/2"}],"replies":[{"embeddable":true,"href":"https:\/\/www.mbt-concept.rs\/sr\/wp-json\/wp\/v2\/comments?post=1806"}],"version-history":[{"count":12,"href":"https:\/\/www.mbt-concept.rs\/sr\/wp-json\/wp\/v2\/posts\/1806\/revisions"}],"predecessor-version":[{"id":1899,"href":"https:\/\/www.mbt-concept.rs\/sr\/wp-json\/wp\/v2\/posts\/1806\/revisions\/1899"}],"wp:featuredmedia":[{"embeddable":true,"href":"https:\/\/www.mbt-concept.rs\/sr\/wp-json\/wp\/v2\/media\/1812"}],"wp:attachment":[{"href":"https:\/\/www.mbt-concept.rs\/sr\/wp-json\/wp\/v2\/media?parent=1806"}],"wp:term":[{"taxonomy":"category","embeddable":true,"href":"https:\/\/www.mbt-concept.rs\/sr\/wp-json\/wp\/v2\/categories?post=1806"},{"taxonomy":"post_tag","embeddable":true,"href":"https:\/\/www.mbt-concept.rs\/sr\/wp-json\/wp\/v2\/tags?post=1806"}],"curies":[{"name":"wp","href":"https:\/\/api.w.org\/{rel}","templated":true}]}}